{"id":633,"date":"2022-10-15T20:48:56","date_gmt":"2022-10-15T18:48:56","guid":{"rendered":"http:\/\/www.paradog.de\/?p=633"},"modified":"2022-11-07T16:19:11","modified_gmt":"2022-11-07T15:19:11","slug":"katalog-t-h-e-s-p-a-c-e-b-e-t-w-e-e-n-von-konstatin-voit","status":"publish","type":"post","link":"http:\/\/www.paradog.de\/?p=633","title":{"rendered":"( t h e s p a c e b e t w e e n ) Katalog von Konstatin Voit"},"content":{"rendered":"\n<p>Am 18.09.2022 wurde in der St\u00e4dtischen Galerie in Bad Wimpfen Konstantin Voits Ausstellung ( t h e s p a c e b e t w e e n ) er\u00f6ffnet. Zu Ausstellung erschien ein Katalog in einer Auflage von 100 St\u00fcck, davon 50 Exemplare als Sonderedition mit einem Stickerbogen.<\/p>\n\n\n\n<p><a rel=\"noreferrer noopener\" href=\"http:\/\/malfabrik.de\/\" target=\"_blank\">Mehr Informationen<\/a><a href=\"http:\/\/malfabrik.de\/\" target=\"_blank\" rel=\"noreferrer noopener\"> <\/a><a rel=\"noreferrer noopener\" href=\"http:\/\/malfabrik.de\/\" target=\"_blank\">zu Konstantin Voit und seiner Malfabrik gibt es hier.<\/a><\/p>\n","protected":false},"excerpt":{"rendered":"<p>Am 18.09.2022 wurde in der St\u00e4dtischen Galerie in Bad Wimpfen Konstantin Voits Ausstellung ( t h e s p a c e b e t w e e n ) er\u00f6ffnet. Zu Ausstellung erschien ein Katalog in einer Auflage von 100 St\u00fcck, davon 50 Exemplare als Sonderedition mit einem Stickerbogen. Mehr Informationen zu Konstantin Voit und seiner Malfabrik gibt es hier.<\/p>\n","protected":false},"author":1,"featured_media":634,"comment_status":"closed","ping_status":"closed","sticky":false,"template":"","format":"standard","meta":{"spay_email":"","jetpack_publicize_message":""},"categories":[24,16,5],"tags":[],"jetpack_featured_media_url":"http:\/\/www.paradog.de\/wp-content\/uploads\/2022\/10\/Katalog_Praesentation-scaled.jpg","jetpack_publicize_connections":[],"jetpack_sharing_enabled":true,"jetpack_shortlink":"https:\/\/wp.me\/p5RKSx-ad","_links":{"self":[{"href":"http:\/\/www.paradog.de\/index.php?rest_route=\/wp\/v2\/posts\/633"}],"collection":[{"href":"http:\/\/www.paradog.de\/index.php?rest_route=\/wp\/v2\/posts"}],"about":[{"href":"http:\/\/www.paradog.de\/index.php?rest_route=\/wp\/v2\/types\/post"}],"author":[{"embeddable":true,"href":"http:\/\/www.paradog.de\/index.php?rest_route=\/wp\/v2\/users\/1"}],"replies":[{"embeddable":true,"href":"http:\/\/www.paradog.de\/index.php?rest_route=%2Fwp%2Fv2%2Fcomments&post=633"}],"version-history":[{"count":2,"href":"http:\/\/www.paradog.de\/index.php?rest_route=\/wp\/v2\/posts\/633\/revisions"}],"predecessor-version":[{"id":644,"href":"http:\/\/www.paradog.de\/index.php?rest_route=\/wp\/v2\/posts\/633\/revisions\/644"}],"wp:featuredmedia":[{"embeddable":true,"href":"http:\/\/www.paradog.de\/index.php?rest_route=\/wp\/v2\/media\/634"}],"wp:attachment":[{"href":"http:\/\/www.paradog.de\/index.php?rest_route=%2Fwp%2Fv2%2Fmedia&parent=633"}],"wp:term":[{"taxonomy":"category","embeddable":true,"href":"http:\/\/www.paradog.de\/index.php?rest_route=%2Fwp%2Fv2%2Fcategories&post=633"},{"taxonomy":"post_tag","embeddable":true,"href":"http:\/\/www.paradog.de\/index.php?rest_route=%2Fwp%2Fv2%2Ftags&post=633"}],"curies":[{"name":"wp","href":"https:\/\/api.w.org\/{rel}","templated":true}]}}