{"id":573,"date":"2008-09-06T00:00:00","date_gmt":"2008-09-05T22:00:00","guid":{"rendered":"http:\/\/www.paradog.de\/?p=573"},"modified":"2022-11-11T15:19:40","modified_gmt":"2022-11-11T14:19:40","slug":"one-for-the-money-one-for-the-show","status":"publish","type":"post","link":"http:\/\/www.paradog.de\/?p=573","title":{"rendered":"One For The Money \u2013 One For The Show"},"content":{"rendered":"\n<p>EditionsKunstB\u00f6rse. Im September pr\u00e4sentierten K\u00fcnstler*innen und Designer*innen im Mannheimer Kunstverein eine (und nur eine!) ausgew\u00e4hlte Arbeit in limitierter Auflage oder Kleinserie. Das Spektrum war breit gef\u00e4chert und reichte von Kunst \u00fcber Schmuck bis zu Mode. Die Verkaufsfl\u00e4chen waren einheitlich gestaltet und die Teilnehmer*innen verkauften ihr Produkt selbst. Dazu gab es ein musikalisches und kulinarisches Rahmenprogramm. So entstand im Mannheimer Kunstverein ein Handelsparkett f\u00fcr K\u00fcnstler*innen, Galerist*innen, Ausstellungsmacher*innen und Publikum.<br>Ideengeber und Mitinitiator der Veranstaltung war der Mannheimer Schmuckk\u00fcnstler <a rel=\"noreferrer noopener\" href=\"https:\/\/www.andreaszidek.de\" target=\"_blank\">Andreas Zidek<\/a>. <\/p>\n\n\n\n<figure class=\"wp-block-image size-large\"><img data-attachment-id=\"581\" data-permalink=\"http:\/\/www.paradog.de\/?attachment_id=581\" data-orig-file=\"http:\/\/www.paradog.de\/wp-content\/uploads\/2020\/07\/one2-3.jpg\" data-orig-size=\"874,620\" data-comments-opened=\"0\" data-image-meta=\"{&quot;aperture&quot;:&quot;0&quot;,&quot;credit&quot;:&quot;&quot;,&quot;camera&quot;:&quot;&quot;,&quot;caption&quot;:&quot;&quot;,&quot;created_timestamp&quot;:&quot;0&quot;,&quot;copyright&quot;:&quot;&quot;,&quot;focal_length&quot;:&quot;0&quot;,&quot;iso&quot;:&quot;0&quot;,&quot;shutter_speed&quot;:&quot;0&quot;,&quot;title&quot;:&quot;&quot;,&quot;orientation&quot;:&quot;0&quot;}\" data-image-title=\"one2-3\" data-image-description=\"\" data-medium-file=\"http:\/\/www.paradog.de\/wp-content\/uploads\/2020\/07\/one2-3-700x497.jpg\" data-large-file=\"http:\/\/www.paradog.de\/wp-content\/uploads\/2020\/07\/one2-3.jpg\" decoding=\"async\" loading=\"lazy\" width=\"874\" height=\"620\" src=\"http:\/\/www.paradog.de\/wp-content\/uploads\/2020\/07\/one2-3.jpg\" alt=\"\" class=\"wp-image-581\" srcset=\"http:\/\/www.paradog.de\/wp-content\/uploads\/2020\/07\/one2-3.jpg 874w, http:\/\/www.paradog.de\/wp-content\/uploads\/2020\/07\/one2-3-700x497.jpg 700w, http:\/\/www.paradog.de\/wp-content\/uploads\/2020\/07\/one2-3-768x545.jpg 768w\" sizes=\"(max-width: 874px) 100vw, 874px\" \/><figcaption>R\u00fcckseite der Einladungskarte<\/figcaption><\/figure>\n","protected":false},"excerpt":{"rendered":"<p>EditionsKunstB\u00f6rse. Im September pr\u00e4sentierten K\u00fcnstler*innen und Designer*innen im Mannheimer Kunstverein eine (und nur eine!) ausgew\u00e4hlte Arbeit in limitierter Auflage oder Kleinserie. Das Spektrum war breit gef\u00e4chert und reichte von Kunst \u00fcber Schmuck bis zu Mode. Die Verkaufsfl\u00e4chen waren einheitlich gestaltet und die Teilnehmer*innen verkauften ihr Produkt selbst. Dazu gab es ein musikalisches und kulinarisches Rahmenprogramm. So entstand im Mannheimer Kunstverein ein Handelsparkett f\u00fcr K\u00fcnstler*innen, Galerist*innen, Ausstellungsmacher*innen und Publikum.Ideengeber und Mitinitiator der Veranstaltung war der Mannheimer Schmuckk\u00fcnstler Andreas Zidek.<\/p>\n","protected":false},"author":1,"featured_media":574,"comment_status":"closed","ping_status":"closed","sticky":false,"template":"","format":"standard","meta":{"spay_email":"","jetpack_publicize_message":""},"categories":[31],"tags":[38,37],"jetpack_featured_media_url":"http:\/\/www.paradog.de\/wp-content\/uploads\/2020\/07\/one.jpg","jetpack_publicize_connections":[],"jetpack_sharing_enabled":true,"jetpack_shortlink":"https:\/\/wp.me\/p5RKSx-9f","_links":{"self":[{"href":"http:\/\/www.paradog.de\/index.php?rest_route=\/wp\/v2\/posts\/573"}],"collection":[{"href":"http:\/\/www.paradog.de\/index.php?rest_route=\/wp\/v2\/posts"}],"about":[{"href":"http:\/\/www.paradog.de\/index.php?rest_route=\/wp\/v2\/types\/post"}],"author":[{"embeddable":true,"href":"http:\/\/www.paradog.de\/index.php?rest_route=\/wp\/v2\/users\/1"}],"replies":[{"embeddable":true,"href":"http:\/\/www.paradog.de\/index.php?rest_route=%2Fwp%2Fv2%2Fcomments&post=573"}],"version-history":[{"count":4,"href":"http:\/\/www.paradog.de\/index.php?rest_route=\/wp\/v2\/posts\/573\/revisions"}],"predecessor-version":[{"id":657,"href":"http:\/\/www.paradog.de\/index.php?rest_route=\/wp\/v2\/posts\/573\/revisions\/657"}],"wp:featuredmedia":[{"embeddable":true,"href":"http:\/\/www.paradog.de\/index.php?rest_route=\/wp\/v2\/media\/574"}],"wp:attachment":[{"href":"http:\/\/www.paradog.de\/index.php?rest_route=%2Fwp%2Fv2%2Fmedia&parent=573"}],"wp:term":[{"taxonomy":"category","embeddable":true,"href":"http:\/\/www.paradog.de\/index.php?rest_route=%2Fwp%2Fv2%2Fcategories&post=573"},{"taxonomy":"post_tag","embeddable":true,"href":"http:\/\/www.paradog.de\/index.php?rest_route=%2Fwp%2Fv2%2Ftags&post=573"}],"curies":[{"name":"wp","href":"https:\/\/api.w.org\/{rel}","templated":true}]}}